[{"command":"invoke","selector":null,"method":"shopLightbox","args":[[{"alt":"N\u00e1st\u011bnn\u00fd obraz \u2013 nev\u00e1zan\u00e9 p\u00edsmo","uri":"https:\/\/www.alter.cz\/sites\/default\/files\/import\/images\/2610.jpg","title":"Abeceda - nev\u00e1zan\u00e9 p\u00edsmo","width":"563","height":"800"}]]}]