[{"command":"invoke","selector":null,"method":"shopLightbox","args":[[{"alt":"KL\u00cd\u010c k \u010cesk\u00e9mu jazyku 8, 1. d\u00edl: U\u010divo o jazyce","uri":"https:\/\/www.alter.cz\/sites\/default\/files\/2020-04\/092638_Klic_Cesky_jazyk_8_1_obalka_2017.jpg","title":"KL\u00cd\u010c k \u010cesk\u00e9mu jazyku 8, 1. d\u00edl: U\u010divo o jazyce","width":"526","height":"730"},{"alt":"Z\u00e1por","uri":"https:\/\/www.alter.cz\/sites\/default\/files\/2020-04\/092638_Klic_Cesky_jazyk_8_1_str07_2017.jpg","title":"Z\u00e1por","width":"525","height":"731"},{"alt":"V\u011btn\u00e9 \u010dleny ve vztahu p\u0159\u00edstavkov\u00e9m","uri":"https:\/\/www.alter.cz\/sites\/default\/files\/2020-04\/092638_Klic_Cesky_jazyk_8_1_str41_2017.jpg","title":"V\u011btn\u00e9 \u010dleny ve vztahu p\u0159\u00edstavkov\u00e9m","width":"525","height":"732"},{"alt":"KL\u00cd\u010c k \u010cesk\u00e9mu jazyku 8, 1. d\u00edl: U\u010divo o jazyce","uri":"https:\/\/www.alter.cz\/sites\/default\/files\/2020-04\/092638_Klic_Cesky_jazyk_8_1_tiraz_2017.jpg","title":"","width":"528","height":"732"}]]}]