[{"command":"invoke","selector":null,"method":"shopLightbox","args":[[{"alt":"P\u0159\u00edrodov\u011bda pro 4. ro\u010dn\u00edk","uri":"https:\/\/www.alter.cz\/sites\/default\/files\/2020-06\/092912_PL_Rozmanitost_prirody_4_1_obalka_2017.jpg","title":"","width":"539","height":"800"},{"alt":"V lese","uri":"https:\/\/www.alter.cz\/sites\/default\/files\/2020-06\/092912_PL_Rozmanitost_prirody_4_1_str08_2017.jpg","title":"V lese","width":"539","height":"800"},{"alt":"Na poli","uri":"https:\/\/www.alter.cz\/sites\/default\/files\/2020-06\/092912_PL_Rozmanitost_prirody_4_1_str18_2017.jpg","title":"Na poli","width":"539","height":"800"},{"alt":"Ve vod\u011b a v jej\u00edm okol\u00ed","uri":"https:\/\/www.alter.cz\/sites\/default\/files\/2020-06\/092912_PL_Rozmanitost_prirody_4_1_str27_2017.jpg","title":"Ve vod\u011b a v jej\u00edm okol\u00ed","width":"539","height":"800"},{"alt":"St\u00e9blo, lata, \u0159ap\u00edk","uri":"https:\/\/www.alter.cz\/sites\/default\/files\/2020-06\/092912_PL_Rozmanitost_prirody_4_1_str28_2017.jpg","title":"Ve vod\u011b a v jej\u00edm okol\u00ed","width":"539","height":"800"},{"alt":"PRACOVN\u00cd LISTY k u\u010debnici ROZMANITOST P\u0158\u00cdRODY 4\/1","uri":"https:\/\/www.alter.cz\/sites\/default\/files\/2020-06\/092912_PL_Rozmanitost_prirody_4_1_tiraz_2017.jpg","title":"","width":"539","height":"800"}]]}]