[{"command":"invoke","selector":null,"method":"shopLightbox","args":[[{"alt":"LITER\u00c1RN\u00cd V\u00ddCHOVA k \u010c\u00edtance 7","uri":"https:\/\/www.alter.cz\/sites\/default\/files\/2020-04\/092921_LITERARNI_VYCHOVA_7_obalka_2014.jpg","title":"LITER\u00c1RN\u00cd V\u00ddCHOVA k \u010c\u00edtance 7","width":"573","height":"800"},{"alt":"Rychl\u00edk v p\u011bt hodin \u2013 Boris Pasternak","uri":"https:\/\/www.alter.cz\/sites\/default\/files\/2020-04\/092921_LITERARNI_VYCHOVA_7_str32_2014.jpg","title":"Rychl\u00edk v p\u011bt hodin","width":"573","height":"800"},{"alt":"Lyrick\u00fd rozhovor \u2013 Konstanty Ildefons Ga\u0142czy\u0144ski","uri":"https:\/\/www.alter.cz\/sites\/default\/files\/2020-04\/092921_LITERARNI_VYCHOVA_7_str33_2014.jpg","title":"Lyrick\u00fd rozhovor","width":"573","height":"800"},{"alt":"Obecn\u00e1 \u0161kola \u2013 Zden\u011bk Sv\u011br\u00e1k","uri":"https:\/\/www.alter.cz\/sites\/default\/files\/2020-04\/092921_LITERARNI_VYCHOVA_7_str52_2014.jpg","title":"Obecn\u00e1 \u0161kola","width":"573","height":"800"},{"alt":"Technick\u00fd sc\u00e9n\u00e1\u0159","uri":"https:\/\/www.alter.cz\/sites\/default\/files\/2020-04\/092921_LITERARNI_VYCHOVA_7_str53_2014.jpg","title":"Obecn\u00e1 \u0161kola \u2013 technick\u00fd sc\u00e9n\u00e1\u0159","width":"573","height":"800"},{"alt":"LITER\u00c1RN\u00cd V\u00ddCHOVA k \u010c\u00edtance 7","uri":"https:\/\/www.alter.cz\/sites\/default\/files\/2020-04\/092921_LITERARNI_VYCHOVA_7_tiraz_2014.jpg","title":"","width":"573","height":"800"}]]}]