[{"command":"invoke","selector":null,"method":"shopLightbox","args":[[{"alt":"\u010c\u00cdTANKA 7 ","uri":"https:\/\/www.alter.cz\/sites\/default\/files\/2020-04\/092919_CITANKA_7_obalka_2014.jpg","title":"\u010c\u00cdTANKA 7 ","width":"573","height":"800"},{"alt":"Balada pro banditu \u2013 Milan Uhde","uri":"https:\/\/www.alter.cz\/sites\/default\/files\/2020-04\/092919_CITANKA_7_str059_2014.jpg","title":"Balada pro banditu \u2013 Milan Uhde","width":"573","height":"800"},{"alt":"Pan doktor Strass \u2013 Josef \u0160kvoreck\u00fd","uri":"https:\/\/www.alter.cz\/sites\/default\/files\/2020-04\/092919_CITANKA_7_str095_2014.jpg","title":"Pan doktor Strass \u2013 Josef \u0160kvoreck\u00fd","width":"573","height":"800"},{"alt":"Z my\u0161lenek Vladim\u00edra Kom\u00e1rka","uri":"https:\/\/www.alter.cz\/sites\/default\/files\/2020-04\/092919_CITANKA_7_str104_2014.jpg","title":"Z my\u0161lenek Vladim\u00edra Kom\u00e1rka","width":"573","height":"800"},{"alt":"Otec t\u0159\u00ed mu\u0161ket\u00fdr\u016f a toho \u010dtvrt\u00e9ho \u2013 Jan Sk\u00e1cel","uri":"https:\/\/www.alter.cz\/sites\/default\/files\/2020-04\/092919_CITANKA_7_str114_2014.jpg","title":"Otec t\u0159\u00ed mu\u0161ket\u00fdr\u016f a toho \u010dtvrt\u00e9ho \u2013 Jan Sk\u00e1cel","width":"573","height":"800"},{"alt":"\u010c\u00cdTANKA 7 ","uri":"https:\/\/www.alter.cz\/sites\/default\/files\/2020-04\/092919_CITANKA_7_tiraz_2014.jpg","title":"","width":"573","height":"800"}]]}]